[{"@context":"https:\/\/schema.org\/","@type":"Article","@id":"https:\/\/www.safara.sk\/zachranme-demokraciu\/#Article","mainEntityOfPage":"https:\/\/www.safara.sk\/zachranme-demokraciu\/","headline":"Zachr\u00e1\u0148me demokraciu","name":"Zachr\u00e1\u0148me demokraciu","description":"Je hrozn\u00e1 doba \u010do sa u\u017e deje je chor\u00e1 doba nezmyseln\u00e1 . Vieme \u010do sa v\u010dera stalo je toto vraj demokracia chor\u00e9. V\u010dera d\u0148a 15.5.2024 nejak\u00fd bl\u00e1zon z Lev\u00edc vystrelil na F. des p\u00e4\u0165 kr\u00e1\u0165 vystrelil. Ten doty\u010dn\u00fd je spisovate\u013e ale mysl\u00edm si \u017ee mus\u00ed nie\u010do u\u017e\u00edva\u0165 nejak\u00e9 drogy alebo nejak\u00fa n\u00e1vykov\u00fa l\u00e1tku. Je to [&hellip;]","datePublished":"2023-10-17","dateModified":"2023-10-17","author":{"@type":"Person","@id":"https:\/\/www.safara.sk\/author\/#Person","name":"","url":"https:\/\/www.safara.sk\/author\/","identifier":1,"image":{"@type":"ImageObject","@id":"https:\/\/secure.gravatar.com\/avatar\/13dbcc20b7c05fcb5c4a6b0bee5a7107a0aae9238a83a4088a42d170780b2eca?s=96&d=mm&r=g","url":"https:\/\/secure.gravatar.com\/avatar\/13dbcc20b7c05fcb5c4a6b0bee5a7107a0aae9238a83a4088a42d170780b2eca?s=96&d=mm&r=g","height":96,"width":96}},"publisher":{"@type":"Organization","name":"safara.sk","logo":{"@type":"ImageObject","@id":"\/logo.png","url":"\/logo.png","width":600,"height":60}},"image":{"@type":"ImageObject","@id":"https:\/\/www.safara.sk\/wp-content\/uploads\/projekt-elektriny-v-dome-ci-byte-bratislava-i-elektrikar_1.jpg","url":"https:\/\/www.safara.sk\/wp-content\/uploads\/projekt-elektriny-v-dome-ci-byte-bratislava-i-elektrikar_1.jpg","height":0,"width":0},"url":"https:\/\/www.safara.sk\/zachranme-demokraciu\/","about":["Politika"],"wordCount":579,"articleBody":"Je hrozn\u00e1 doba \u010do sa u\u017e deje je chor\u00e1 doba nezmyseln\u00e1 . Vieme \u010do sa v\u010dera stalo je toto vraj demokracia chor\u00e9. V\u010dera d\u0148a 15.5.2024 nejak\u00fd bl\u00e1zon z Lev\u00edc vystrelil na F. des p\u00e4\u0165 kr\u00e1\u0165 vystrelil. Ten doty\u010dn\u00fd je spisovate\u013e ale mysl\u00edm si \u017ee mus\u00ed nie\u010do u\u017e\u00edva\u0165 nejak\u00e9 drogy alebo nejak\u00fa n\u00e1vykov\u00fa l\u00e1tku. Je to nenorm\u00e1lny \u010din. Nech je ak\u00fd je ale je \u010dlovek p\u00e1n Fico m\u00e1 za sebou 5 hod. oper\u00e1ciu ale je to v\u00e1\u017ene. Akur\u00e1t po\u010d\u00favame spr\u00e1vy d\u00e1vaj\u00fa mimoriadne spr\u00e1vy kv\u00f4li tomuto \u010do sa stalo. Ja by k tomu doty\u010dn\u00e9mu \u010do to urobil dala nie \u017ee do\u017eivotn\u00fd trest ale \u0161tr\u00e1nok. Je toto demokratick\u00fd \u0161t\u00e1t \u010do by sa \u010dlovek b\u00e1l \u00eds\u0165 von za bieleho d\u0148a. Chor\u00e9 u\u017e sa bl\u00e1zni cel\u00fd svet hore nohami. Je hrozn\u00e9 ko\u013eko psychicky chor\u00fdch \u013eud\u00ed chod\u00ed po svete. Minule tie bombov\u00e9 vyhr\u00e1\u017eky des . ja som akur\u00e1t bola vo Vr\u00e1b\u013eoch mala som dos\u0165. \u010co by mal aj oby\u010dajn\u00fd \u010dlovek ochranku nie len oni. Neznamen\u00e1 \u017ee je politik niekto. K tomu bl\u00e1znovi hroz\u00ed do\u017eivotie \u017ee roky mal vraj v leg\u00e1lne dr\u017eal zbra\u0148. Preh\u013ead\u00e1vaj\u00fa mu by\u0165. Tento atent\u00e1t sa objavil na v\u0161etk\u00fdch TV staniciach na celom svete. Modl\u00edme sa za jeho zdravie a dr\u017e\u00edme palce p\u00e1novi Ficovi . On s\u00e1m chud\u00e1k m\u00e1 tri BAJPAS na srdci nie je to sranda je tam ur\u010dit\u00fd vek ke\u010f toto pre\u017eije bude ma\u0165 60 rokov. Nu\u017e teraz maj\u00fa politici tzv. pln\u00e9 gate nie to sranda je to nenorm\u00e1lny ohavn\u00fd \u010din. Bo\u017ee zachr\u00e1\u0148me DEMOKRACIU. Ja ani za tie ich obrovsk\u00e9 prachy by som nerobila v politike je to nebezpe\u010dn\u00e9 povolanie. Rad\u0161ej robi\u0165 dve tri pr\u00e1ce ako tak\u00fa n\u00e1ro\u010dn\u00fa a nebezpe\u010dn\u00fa pr\u00e1cu. Ja budem rad\u0161ej p\u00edsa\u0165 \u010dl\u00e1nky a u\u010di\u0165 online. A robi\u0165 tie\u017e v\u00fd\u017eivov\u00fa poradky\u0148u. P\u00edsal sa rok \u010do si spom\u00ednam 1990 de\u0148 8 a\u017e 9 . 5. vtedy sa udiali parlamentn\u00e9 vo\u013eby. Ur\u010dite vy star\u0161\u00ed si spom\u00edname na ne\u017en\u00fa revol\u00faciu ktor\u00e1 sa udiala v novembri 1989\u00a0 ale nezd\u00e1 sa mi to po to\u013ek\u00fdch rokoch ako dobr\u00fd n\u00e1pad u\u017e sa za\u010d\u00edname podoba\u0165 na USA \u010di Ukrajina viete asi \u010do mysl\u00edm kv\u00f4li t\u00fdm \u010dinnom. Pozrime sa trochu na demokraciu ja som to mala ako maturitn\u00fa ot\u00e1zku pred rokmi je to u\u017e d\u00e1vno. Slovo demokracia znamen\u00e1 vl\u00e1da \u013eudu p\u00f4vod m\u00e1 v Gr\u00e9cku znamen\u00e1 DEMOS tzv. \u013eud \u010di KRATOS znamen\u00e1 vl\u00e1da. Je to tzv. miera \u00fa\u010dasti \u013eudu v \u0161t\u00e1tnej moci. Je to politick\u00e9 zariadenie ktor\u00e9 m\u00e1 obrovsk\u00fa zodpovednos\u0165 a ved\u00fa cel\u00fa krajinu u\u017e akoko\u013evek ale ved\u00fa. S\u00edce \u013eud na nich \u010dasto hrom\u017e\u00ed ale nech sa tam oby\u010dajn\u00fd \u013eud postav\u00ed a rokuje o d\u00f4le\u017eit\u00fdch a zlo\u017eit\u00fdch veciach. Ve\u010f to nie med l\u00edza\u0165 nech by si to sk\u00fasili ke\u010f si tr\u00fafaj\u00fa. Ja sa zauj\u00edmam tak trochu o politiku sledujem udalosti r\u00f4zneho typu. Aj \u010d\u00edtam noviny a pod. Tzv. z ka\u017edej strany. S\u00fa \u013eudia tak\u00fd jednoduch\u00fd nevzdelan\u00fd \u010do sa k tomu \u010duduj\u00fa rad\u0161ej komentuj\u00fa hl\u00faposti a s\u00fa nalepen\u00fd na soci\u00e1lnej sieti od r\u00e1na do noci ale ich \u017eivot\u00a0ja nerie\u0161im.                                                                                                                                                                                                                                                                                                                                                                                        4\/5 - (1 vote)        "},{"@context":"https:\/\/schema.org\/","@type":"BreadcrumbList","itemListElement":[{"@type":"ListItem","position":1,"name":"Zachr\u00e1\u0148me demokraciu","item":"https:\/\/www.safara.sk\/zachranme-demokraciu\/#breadcrumbitem"}]}]